{"id":74571,"date":"2023-06-11T12:32:41","date_gmt":"2023-06-11T12:32:41","guid":{"rendered":"https:\/\/www.electricity-magnetism.org\/quais-sao-as-possiveis-implicacoes-sociais-e-eticas-do-uso-generalizado-de-ondas-eletromagneticas-em-varias-aplicacoes\/"},"modified":"2023-11-29T14:03:46","modified_gmt":"2023-11-29T14:03:46","slug":"quais-sao-as-possiveis-implicacoes-sociais-e-eticas-do-uso-generalizado-de-ondas-eletromagneticas-em-varias-aplicacoes","status":"publish","type":"post","link":"https:\/\/www.electricity-magnetism.org\/pt-br\/quais-sao-as-possiveis-implicacoes-sociais-e-eticas-do-uso-generalizado-de-ondas-eletromagneticas-em-varias-aplicacoes\/","title":{"rendered":"Quais s\u00e3o as poss\u00edveis implica\u00e7\u00f5es sociais e \u00e9ticas do uso generalizado de ondas eletromagn\u00e9ticas em v\u00e1rias aplica\u00e7\u00f5es?"},"content":{"rendered":"<p class=\"sidekick\">Explore as implica\u00e7\u00f5es sociais e \u00e9ticas do uso de ondas eletromagn\u00e9ticas, abordando privacidade, sa\u00fade, impacto ambiental e futuro do trabalho.<\/p>\n<h2>Implica\u00e7\u00f5es Sociais e \u00c9ticas do Uso Generalizado de Ondas Eletromagn\u00e9ticas<\/h2>\n<p>As ondas eletromagn\u00e9ticas s\u00e3o uma parte fundamental da tecnologia moderna, permeando quase todos os aspectos de nossa vida cotidiana. Desde a comunica\u00e7\u00e3o m\u00f3vel at\u00e9 o uso m\u00e9dico para diagn\u00f3sticos, as ondas eletromagn\u00e9ticas t\u00eam in\u00fameras aplica\u00e7\u00f5es. No entanto, seu uso generalizado traz uma s\u00e9rie de implica\u00e7\u00f5es sociais e \u00e9ticas que merecem uma an\u00e1lise cuidadosa.<\/p>\n<h2>1. Privacidade e Vigil\u00e2ncia<\/h2>\n<p>Uma das implica\u00e7\u00f5es mais significativas do uso de ondas eletromagn\u00e9ticas \u00e9 na esfera da privacidade. Com a capacidade de transmitir e receber dados sem fio, surge a preocupa\u00e7\u00e3o com a vigil\u00e2ncia indesejada e a coleta de dados pessoais. Smartphones, dispositivos de IoT (Internet das Coisas) e outros gadgets conectados podem ser usados para monitorar indiv\u00edduos, muitas vezes sem seu conhecimento ou consentimento expl\u00edcito. Esse monitoramento constante levanta quest\u00f5es \u00e9ticas sobre o direito \u00e0 privacidade e a autonomia individual.<\/p>\n<h2>2. Sa\u00fade e Seguran\u00e7a<\/h2>\n<p>Outra preocupa\u00e7\u00e3o diz respeito aos potenciais impactos na sa\u00fade. Embora a maioria das ondas eletromagn\u00e9ticas utilizadas em aplica\u00e7\u00f5es cotidianas seja considerada segura, existem debates cont\u00ednuos sobre os efeitos da exposi\u00e7\u00e3o prolongada, especialmente no que diz respeito \u00e0 radia\u00e7\u00e3o de radiofrequ\u00eancia de telefones celulares e torres de transmiss\u00e3o. Estudos t\u00eam investigado poss\u00edveis liga\u00e7\u00f5es com certos tipos de c\u00e2ncer e outros problemas de sa\u00fade, mas as evid\u00eancias ainda s\u00e3o inconclusivas. Assim, permanece uma preocupa\u00e7\u00e3o \u00e9tica sobre o equil\u00edbrio entre os benef\u00edcios da tecnologia sem fio e os riscos potenciais para a sa\u00fade p\u00fablica.<\/p>\n<h2>3. Impacto Ambiental<\/h2>\n<p>Al\u00e9m disso, h\u00e1 quest\u00f5es ambientais. A fabrica\u00e7\u00e3o, uso e descarte de dispositivos que emitem ondas eletromagn\u00e9ticas podem ter um impacto ambiental significativo. Isso inclui a extra\u00e7\u00e3o de mat\u00e9rias-primas, o consumo de energia durante o uso e os problemas associados ao descarte de eletr\u00f4nicos. O debate \u00e9tico aqui envolve a sustentabilidade e a responsabilidade das empresas e consumidores em minimizar o impacto ambiental dessas tecnologias.<\/p>\n<p>Continuaremos a discutir mais implica\u00e7\u00f5es sociais e \u00e9ticas, incluindo quest\u00f5es de desigualdade digital e o futuro do trabalho, na pr\u00f3xima parte deste artigo.<\/p>\n<h2>4. Desigualdade Digital e Acesso \u00e0 Tecnologia<\/h2>\n<p>Outra quest\u00e3o cr\u00edtica \u00e9 a desigualdade digital. O acesso desigual \u00e0s tecnologias baseadas em ondas eletromagn\u00e9ticas pode ampliar as disparidades sociais e econ\u00f4micas. Em muitas partes do mundo, o acesso \u00e0 internet de alta velocidade e a dispositivos m\u00f3veis modernos \u00e9 limitado, criando um fosso digital que pode afetar oportunidades educacionais e de emprego. Isso levanta quest\u00f5es \u00e9ticas sobre justi\u00e7a e igualdade, e desafia governos e organiza\u00e7\u00f5es a promoverem uma maior inclus\u00e3o digital.<\/p>\n<h2>5. Futuro do Trabalho<\/h2>\n<p>As ondas eletromagn\u00e9ticas tamb\u00e9m est\u00e3o remodelando o mercado de trabalho. A automa\u00e7\u00e3o e a comunica\u00e7\u00e3o sem fio est\u00e3o transformando setores inteiros, criando novas oportunidades, mas tamb\u00e9m deslocando trabalhadores. H\u00e1 preocupa\u00e7\u00f5es \u00e9ticas sobre a seguran\u00e7a no emprego e a necessidade de requalifica\u00e7\u00e3o profissional para se adaptar a um ambiente de trabalho em constante mudan\u00e7a.<\/p>\n<h2>Conclus\u00e3o<\/h2>\n<p>Em resumo, enquanto as ondas eletromagn\u00e9ticas t\u00eam sido uma for\u00e7a motriz por tr\u00e1s de muitos avan\u00e7os tecnol\u00f3gicos, elas tamb\u00e9m apresentam uma s\u00e9rie de implica\u00e7\u00f5es sociais e \u00e9ticas significativas. Quest\u00f5es de privacidade, sa\u00fade, impacto ambiental, desigualdade digital e o futuro do trabalho s\u00e3o apenas alguns dos desafios que precisamos enfrentar. \u00c9 crucial que continuemos a investigar e discutir essas quest\u00f5es, buscando um equil\u00edbrio entre os benef\u00edcios da tecnologia e a prote\u00e7\u00e3o dos direitos individuais e do bem-estar social. A colabora\u00e7\u00e3o entre governos, ind\u00fastria e comunidades \u00e9 essencial para garantir que os avan\u00e7os tecnol\u00f3gicos sejam acess\u00edveis, seguros e ben\u00e9ficos para todos.<\/p>\n<p>\u00c0 medida que avan\u00e7amos para um futuro cada vez mais conectado, \u00e9 imperativo que permane\u00e7amos vigilantes sobre as implica\u00e7\u00f5es \u00e9ticas e sociais do uso de ondas eletromagn\u00e9ticas e trabalhemos juntos para criar um mundo onde a tecnologia sirva ao bem comum, respeitando os direitos individuais e promovendo a sustentabilidade ambiental.<\/p>\n","protected":false},"excerpt":{"rendered":"<p>Explore as implica\u00e7\u00f5es sociais e \u00e9ticas do uso de ondas eletromagn\u00e9ticas, abordando privacidade, sa\u00fade, impacto ambiental e futuro do trabalho.<\/p>\n","protected":false},"author":1,"featured_media":18450,"comment_status":"closed","ping_status":"closed","sticky":false,"template":"","format":"standard","meta":{"_generate-full-width-content":"","footnotes":""},"categories":[67],"tags":[68],"class_list":["post-74571","post","type-post","status-publish","format-standard","has-post-thumbnail","hentry","category-questoes","tag-questoes","generate-columns","tablet-grid-50","mobile-grid-100","grid-parent","grid-50"],"yoast_head":"<!-- This site is optimized with the Yoast SEO plugin v17.9 - https:\/\/yoast.com\/wordpress\/plugins\/seo\/ -->\n<title>Quais s\u00e3o as poss\u00edveis implica\u00e7\u00f5es sociais e \u00e9ticas do uso generalizado de ondas eletromagn\u00e9ticas em v\u00e1rias aplica\u00e7\u00f5es?<\/title>\n<meta name=\"description\" content=\"Explore as implica\u00e7\u00f5es sociais e \u00e9ticas do uso de ondas eletromagn\u00e9ticas, abordando privacidade, sa\u00fade, impacto ambiental e futuro do trabalho.\" \/>\n<meta name=\"robots\" content=\"index, follow, max-snippet:-1, max-image-preview:large, max-video-preview:-1\" \/>\n<link rel=\"canonical\" href=\"https:\/\/www.electricity-magnetism.org\/pt-br\/quais-sao-as-possiveis-implicacoes-sociais-e-eticas-do-uso-generalizado-de-ondas-eletromagneticas-em-varias-aplicacoes\/\" \/>\n<meta property=\"og:locale\" content=\"pt_BR\" \/>\n<meta property=\"og:type\" content=\"article\" \/>\n<meta property=\"og:title\" content=\"Quais s\u00e3o as poss\u00edveis implica\u00e7\u00f5es sociais e \u00e9ticas do uso generalizado de ondas eletromagn\u00e9ticas em v\u00e1rias aplica\u00e7\u00f5es?\" \/>\n<meta property=\"og:description\" content=\"Explore as implica\u00e7\u00f5es sociais e \u00e9ticas do uso de ondas eletromagn\u00e9ticas, abordando privacidade, sa\u00fade, impacto ambiental e futuro do trabalho.\" \/>\n<meta property=\"og:url\" content=\"https:\/\/www.electricity-magnetism.org\/pt-br\/quais-sao-as-possiveis-implicacoes-sociais-e-eticas-do-uso-generalizado-de-ondas-eletromagneticas-em-varias-aplicacoes\/\" \/>\n<meta property=\"og:site_name\" content=\"Electricity - Magnetism\" \/>\n<meta property=\"article:published_time\" content=\"2023-06-11T12:32:41+00:00\" \/>\n<meta property=\"article:modified_time\" content=\"2023-11-29T14:03:46+00:00\" \/>\n<meta property=\"og:image\" content=\"https:\/\/www.electricity-magnetism.org\/wp-content\/uploads\/2023\/06\/what-are-the-potential-societal-and-ethical-implications-of-the-widespread-use-of-electromagnetic-waves-in-various-applications.png\" \/>\n\t<meta property=\"og:image:width\" content=\"1200\" \/>\n\t<meta property=\"og:image:height\" content=\"1200\" \/>\n\t<meta property=\"og:image:type\" content=\"image\/png\" \/>\n<meta name=\"twitter:card\" content=\"summary_large_image\" \/>\n<meta name=\"twitter:label1\" content=\"Escrito por\" \/>\n\t<meta name=\"twitter:data1\" content=\"Matan\" \/>\n\t<meta name=\"twitter:label2\" content=\"Est. tempo de leitura\" \/>\n\t<meta name=\"twitter:data2\" content=\"4 minutos\" \/>\n<script type=\"application\/ld+json\" class=\"yoast-schema-graph\">{\"@context\":\"https:\/\/schema.org\",\"@graph\":[{\"@type\":\"WebSite\",\"@id\":\"https:\/\/www.electricity-magnetism.org\/pt-br\/#website\",\"url\":\"https:\/\/www.electricity-magnetism.org\/pt-br\/\",\"name\":\"Electricity - Magnetism\",\"description\":\"All about electricity and magnetism.\",\"potentialAction\":[{\"@type\":\"SearchAction\",\"target\":{\"@type\":\"EntryPoint\",\"urlTemplate\":\"https:\/\/www.electricity-magnetism.org\/pt-br\/?s={search_term_string}\"},\"query-input\":\"required name=search_term_string\"}],\"inLanguage\":\"pt-BR\"},{\"@type\":\"ImageObject\",\"@id\":\"https:\/\/www.electricity-magnetism.org\/pt-br\/quais-sao-as-possiveis-implicacoes-sociais-e-eticas-do-uso-generalizado-de-ondas-eletromagneticas-em-varias-aplicacoes\/#primaryimage\",\"inLanguage\":\"pt-BR\",\"url\":\"https:\/\/www.electricity-magnetism.org\/wp-content\/uploads\/2023\/06\/what-are-the-potential-societal-and-ethical-implications-of-the-widespread-use-of-electromagnetic-waves-in-various-applications.png\",\"contentUrl\":\"https:\/\/www.electricity-magnetism.org\/wp-content\/uploads\/2023\/06\/what-are-the-potential-societal-and-ethical-implications-of-the-widespread-use-of-electromagnetic-waves-in-various-applications.png\",\"width\":1200,\"height\":1200},{\"@type\":\"WebPage\",\"@id\":\"https:\/\/www.electricity-magnetism.org\/pt-br\/quais-sao-as-possiveis-implicacoes-sociais-e-eticas-do-uso-generalizado-de-ondas-eletromagneticas-em-varias-aplicacoes\/#webpage\",\"url\":\"https:\/\/www.electricity-magnetism.org\/pt-br\/quais-sao-as-possiveis-implicacoes-sociais-e-eticas-do-uso-generalizado-de-ondas-eletromagneticas-em-varias-aplicacoes\/\",\"name\":\"Quais s\\u00e3o as poss\\u00edveis implica\\u00e7\\u00f5es sociais e \\u00e9ticas do uso generalizado de ondas eletromagn\\u00e9ticas em v\\u00e1rias aplica\\u00e7\\u00f5es?\",\"isPartOf\":{\"@id\":\"https:\/\/www.electricity-magnetism.org\/pt-br\/#website\"},\"primaryImageOfPage\":{\"@id\":\"https:\/\/www.electricity-magnetism.org\/pt-br\/quais-sao-as-possiveis-implicacoes-sociais-e-eticas-do-uso-generalizado-de-ondas-eletromagneticas-em-varias-aplicacoes\/#primaryimage\"},\"datePublished\":\"2023-06-11T12:32:41+00:00\",\"dateModified\":\"2023-11-29T14:03:46+00:00\",\"author\":{\"@id\":\"https:\/\/www.electricity-magnetism.org\/pt-br\/#\/schema\/person\/68f28ba0ad08ef355b436c5222a40b29\"},\"description\":\"Explore as implica\\u00e7\\u00f5es sociais e \\u00e9ticas do uso de ondas eletromagn\\u00e9ticas, abordando privacidade, sa\\u00fade, impacto ambiental e futuro do trabalho.\",\"breadcrumb\":{\"@id\":\"https:\/\/www.electricity-magnetism.org\/pt-br\/quais-sao-as-possiveis-implicacoes-sociais-e-eticas-do-uso-generalizado-de-ondas-eletromagneticas-em-varias-aplicacoes\/#breadcrumb\"},\"inLanguage\":\"pt-BR\",\"potentialAction\":[{\"@type\":\"ReadAction\",\"target\":[\"https:\/\/www.electricity-magnetism.org\/pt-br\/quais-sao-as-possiveis-implicacoes-sociais-e-eticas-do-uso-generalizado-de-ondas-eletromagneticas-em-varias-aplicacoes\/\"]}]},{\"@type\":\"BreadcrumbList\",\"@id\":\"https:\/\/www.electricity-magnetism.org\/pt-br\/quais-sao-as-possiveis-implicacoes-sociais-e-eticas-do-uso-generalizado-de-ondas-eletromagneticas-em-varias-aplicacoes\/#breadcrumb\",\"itemListElement\":[{\"@type\":\"ListItem\",\"position\":1,\"name\":\"Home\",\"item\":\"https:\/\/www.electricity-magnetism.org\/pt-br\/electricity-magnetism-page\/\"},{\"@type\":\"ListItem\",\"position\":2,\"name\":\"Quais s\\u00e3o as poss\\u00edveis implica\\u00e7\\u00f5es sociais e \\u00e9ticas do uso generalizado de ondas eletromagn\\u00e9ticas em v\\u00e1rias aplica\\u00e7\\u00f5es?\"}]},{\"@type\":\"Person\",\"@id\":\"https:\/\/www.electricity-magnetism.org\/pt-br\/#\/schema\/person\/68f28ba0ad08ef355b436c5222a40b29\",\"name\":\"Matan\",\"url\":\"https:\/\/www.electricity-magnetism.org\/pt-br\/author\/matan\/\"}]}<\/script>\n<!-- \/ Yoast SEO plugin. -->","yoast_head_json":{"title":"Quais s\u00e3o as poss\u00edveis implica\u00e7\u00f5es sociais e \u00e9ticas do uso generalizado de ondas eletromagn\u00e9ticas em v\u00e1rias aplica\u00e7\u00f5es?","description":"Explore as implica\u00e7\u00f5es sociais e \u00e9ticas do uso de ondas eletromagn\u00e9ticas, abordando privacidade, sa\u00fade, impacto ambiental e futuro do trabalho.","robots":{"index":"index","follow":"follow","max-snippet":"max-snippet:-1","max-image-preview":"max-image-preview:large","max-video-preview":"max-video-preview:-1"},"canonical":"https:\/\/www.electricity-magnetism.org\/pt-br\/quais-sao-as-possiveis-implicacoes-sociais-e-eticas-do-uso-generalizado-de-ondas-eletromagneticas-em-varias-aplicacoes\/","og_locale":"pt_BR","og_type":"article","og_title":"Quais s\u00e3o as poss\u00edveis implica\u00e7\u00f5es sociais e \u00e9ticas do uso generalizado de ondas eletromagn\u00e9ticas em v\u00e1rias aplica\u00e7\u00f5es?","og_description":"Explore as implica\u00e7\u00f5es sociais e \u00e9ticas do uso de ondas eletromagn\u00e9ticas, abordando privacidade, sa\u00fade, impacto ambiental e futuro do trabalho.","og_url":"https:\/\/www.electricity-magnetism.org\/pt-br\/quais-sao-as-possiveis-implicacoes-sociais-e-eticas-do-uso-generalizado-de-ondas-eletromagneticas-em-varias-aplicacoes\/","og_site_name":"Electricity - Magnetism","article_published_time":"2023-06-11T12:32:41+00:00","article_modified_time":"2023-11-29T14:03:46+00:00","og_image":[{"width":1200,"height":1200,"url":"https:\/\/www.electricity-magnetism.org\/wp-content\/uploads\/2023\/06\/what-are-the-potential-societal-and-ethical-implications-of-the-widespread-use-of-electromagnetic-waves-in-various-applications.png","type":"image\/png"}],"twitter_card":"summary_large_image","twitter_misc":{"Escrito por":"Matan","Est. tempo de leitura":"4 minutos"},"schema":{"@context":"https:\/\/schema.org","@graph":[{"@type":"WebSite","@id":"https:\/\/www.electricity-magnetism.org\/pt-br\/#website","url":"https:\/\/www.electricity-magnetism.org\/pt-br\/","name":"Electricity - Magnetism","description":"All about electricity and magnetism.","potentialAction":[{"@type":"SearchAction","target":{"@type":"EntryPoint","urlTemplate":"https:\/\/www.electricity-magnetism.org\/pt-br\/?s={search_term_string}"},"query-input":"required name=search_term_string"}],"inLanguage":"pt-BR"},{"@type":"ImageObject","@id":"https:\/\/www.electricity-magnetism.org\/pt-br\/quais-sao-as-possiveis-implicacoes-sociais-e-eticas-do-uso-generalizado-de-ondas-eletromagneticas-em-varias-aplicacoes\/#primaryimage","inLanguage":"pt-BR","url":"https:\/\/www.electricity-magnetism.org\/wp-content\/uploads\/2023\/06\/what-are-the-potential-societal-and-ethical-implications-of-the-widespread-use-of-electromagnetic-waves-in-various-applications.png","contentUrl":"https:\/\/www.electricity-magnetism.org\/wp-content\/uploads\/2023\/06\/what-are-the-potential-societal-and-ethical-implications-of-the-widespread-use-of-electromagnetic-waves-in-various-applications.png","width":1200,"height":1200},{"@type":"WebPage","@id":"https:\/\/www.electricity-magnetism.org\/pt-br\/quais-sao-as-possiveis-implicacoes-sociais-e-eticas-do-uso-generalizado-de-ondas-eletromagneticas-em-varias-aplicacoes\/#webpage","url":"https:\/\/www.electricity-magnetism.org\/pt-br\/quais-sao-as-possiveis-implicacoes-sociais-e-eticas-do-uso-generalizado-de-ondas-eletromagneticas-em-varias-aplicacoes\/","name":"Quais s\u00e3o as poss\u00edveis implica\u00e7\u00f5es sociais e \u00e9ticas do uso generalizado de ondas eletromagn\u00e9ticas em v\u00e1rias aplica\u00e7\u00f5es?","isPartOf":{"@id":"https:\/\/www.electricity-magnetism.org\/pt-br\/#website"},"primaryImageOfPage":{"@id":"https:\/\/www.electricity-magnetism.org\/pt-br\/quais-sao-as-possiveis-implicacoes-sociais-e-eticas-do-uso-generalizado-de-ondas-eletromagneticas-em-varias-aplicacoes\/#primaryimage"},"datePublished":"2023-06-11T12:32:41+00:00","dateModified":"2023-11-29T14:03:46+00:00","author":{"@id":"https:\/\/www.electricity-magnetism.org\/pt-br\/#\/schema\/person\/68f28ba0ad08ef355b436c5222a40b29"},"description":"Explore as implica\u00e7\u00f5es sociais e \u00e9ticas do uso de ondas eletromagn\u00e9ticas, abordando privacidade, sa\u00fade, impacto ambiental e futuro do trabalho.","breadcrumb":{"@id":"https:\/\/www.electricity-magnetism.org\/pt-br\/quais-sao-as-possiveis-implicacoes-sociais-e-eticas-do-uso-generalizado-de-ondas-eletromagneticas-em-varias-aplicacoes\/#breadcrumb"},"inLanguage":"pt-BR","potentialAction":[{"@type":"ReadAction","target":["https:\/\/www.electricity-magnetism.org\/pt-br\/quais-sao-as-possiveis-implicacoes-sociais-e-eticas-do-uso-generalizado-de-ondas-eletromagneticas-em-varias-aplicacoes\/"]}]},{"@type":"BreadcrumbList","@id":"https:\/\/www.electricity-magnetism.org\/pt-br\/quais-sao-as-possiveis-implicacoes-sociais-e-eticas-do-uso-generalizado-de-ondas-eletromagneticas-em-varias-aplicacoes\/#breadcrumb","itemListElement":[{"@type":"ListItem","position":1,"name":"Home","item":"https:\/\/www.electricity-magnetism.org\/pt-br\/electricity-magnetism-page\/"},{"@type":"ListItem","position":2,"name":"Quais s\u00e3o as poss\u00edveis implica\u00e7\u00f5es sociais e \u00e9ticas do uso generalizado de ondas eletromagn\u00e9ticas em v\u00e1rias aplica\u00e7\u00f5es?"}]},{"@type":"Person","@id":"https:\/\/www.electricity-magnetism.org\/pt-br\/#\/schema\/person\/68f28ba0ad08ef355b436c5222a40b29","name":"Matan","url":"https:\/\/www.electricity-magnetism.org\/pt-br\/author\/matan\/"}]}},"_links":{"self":[{"href":"https:\/\/www.electricity-magnetism.org\/pt-br\/wp-json\/wp\/v2\/posts\/74571","targetHints":{"allow":["GET"]}}],"collection":[{"href":"https:\/\/www.electricity-magnetism.org\/pt-br\/wp-json\/wp\/v2\/posts"}],"about":[{"href":"https:\/\/www.electricity-magnetism.org\/pt-br\/wp-json\/wp\/v2\/types\/post"}],"author":[{"embeddable":true,"href":"https:\/\/www.electricity-magnetism.org\/pt-br\/wp-json\/wp\/v2\/users\/1"}],"replies":[{"embeddable":true,"href":"https:\/\/www.electricity-magnetism.org\/pt-br\/wp-json\/wp\/v2\/comments?post=74571"}],"version-history":[{"count":0,"href":"https:\/\/www.electricity-magnetism.org\/pt-br\/wp-json\/wp\/v2\/posts\/74571\/revisions"}],"wp:featuredmedia":[{"embeddable":true,"href":"https:\/\/www.electricity-magnetism.org\/pt-br\/wp-json\/wp\/v2\/media\/18450"}],"wp:attachment":[{"href":"https:\/\/www.electricity-magnetism.org\/pt-br\/wp-json\/wp\/v2\/media?parent=74571"}],"wp:term":[{"taxonomy":"category","embeddable":true,"href":"https:\/\/www.electricity-magnetism.org\/pt-br\/wp-json\/wp\/v2\/categories?post=74571"},{"taxonomy":"post_tag","embeddable":true,"href":"https:\/\/www.electricity-magnetism.org\/pt-br\/wp-json\/wp\/v2\/tags?post=74571"}],"curies":[{"name":"wp","href":"https:\/\/api.w.org\/{rel}","templated":true}]}}