{"id":24466,"date":"2023-05-22T05:53:15","date_gmt":"2023-05-22T05:53:15","guid":{"rendered":"https:\/\/www.electricity-magnetism.org\/como-as-ondas-eletromagneticas-carregam-momento\/"},"modified":"2023-08-19T05:25:52","modified_gmt":"2023-08-19T05:25:52","slug":"como-as-ondas-eletromagneticas-carregam-momento","status":"publish","type":"post","link":"https:\/\/www.electricity-magnetism.org\/pt-br\/como-as-ondas-eletromagneticas-carregam-momento\/","title":{"rendered":"Como as ondas eletromagn\u00e9ticas carregam momento?"},"content":{"rendered":"<p class=\"sidekick\">Explore a fascinante rela\u00e7\u00e3o entre ondas eletromagn\u00e9ticas e momento, desde conceitos te\u00f3ricos da f\u00edsica at\u00e9 aplica\u00e7\u00f5es pr\u00e1ticas na ci\u00eancia moderna.<\/p>\n<h2>O Momento das Ondas Eletromagn\u00e9ticas<\/h2>\n<p>O entendimento das ondas eletromagn\u00e9ticas e do seu comportamento no universo \u00e9 fundamental para a f\u00edsica moderna. Uma das propriedades intrigantes dessas ondas \u00e9 sua capacidade de carregar momento. Mas o que isso realmente significa?<\/p>\n<h2>O que s\u00e3o Ondas Eletromagn\u00e9ticas?<\/h2>\n<p>Ondas eletromagn\u00e9ticas s\u00e3o flutua\u00e7\u00f5es combinadas de campos el\u00e9tricos e magn\u00e9ticos que se propagam pelo espa\u00e7o. Elas variam desde ondas de r\u00e1dio de baixa frequ\u00eancia, passando pela luz vis\u00edvel, at\u00e9 raios X e raios gamma de alta frequ\u00eancia. Essa vasta gama de frequ\u00eancias \u00e9 conhecida como o espectro eletromagn\u00e9tico.<\/p>\n<h2>Momento Linear e Ondas Eletromagn\u00e9ticas<\/h2>\n<p>Quando falamos de &#8220;momento&#8221; em f\u00edsica, geralmente estamos nos referindo ao &#8220;momento linear&#8221;, uma medida da quantidade de movimento de um objeto. A f\u00f3rmula padr\u00e3o para momento \u00e9 p = m * v, onde <i>m<\/i> \u00e9 a massa e <i>v<\/i> \u00e9 a velocidade do objeto. Contudo, como podemos associar uma propriedade t\u00edpica de part\u00edculas, como a massa, a algo que, \u00e0 primeira vista, parece n\u00e3o ter massa, como uma onda eletromagn\u00e9tica?<\/p>\n<p>A resposta est\u00e1 na teoria da relatividade de Einstein. Segundo Einstein, a energia possui uma rela\u00e7\u00e3o direta com a massa atrav\u00e9s da famosa equa\u00e7\u00e3o E = m * c<sup>2<\/sup>, onde <i>c<\/i> \u00e9 a velocidade da luz. As ondas eletromagn\u00e9ticas, como a luz, t\u00eam energia, e, portanto, de acordo com a teoria da relatividade, t\u00eam uma massa equivalente. Assim, mesmo que n\u00e3o tenham massa em um sentido tradicional, elas t\u00eam um &#8220;momento associado&#8221; devido \u00e0 sua energia.<\/p>\n<h2>Press\u00e3o de Radia\u00e7\u00e3o<\/h2>\n<p>Uma das maneiras pr\u00e1ticas de observar o momento carregado pelas ondas eletromagn\u00e9ticas \u00e9 atrav\u00e9s do fen\u00f4meno conhecido como &#8220;press\u00e3o de radia\u00e7\u00e3o&#8221;. Quando as ondas eletromagn\u00e9ticas atingem uma superf\u00edcie, elas transferem parte de seu momento para essa superf\u00edcie, exercendo uma press\u00e3o sobre ela. Essa press\u00e3o \u00e9 extremamente fraca na maioria das circunst\u00e2ncias do dia a dia, mas em cen\u00e1rios espec\u00edficos, como no v\u00e1cuo do espa\u00e7o, ela pode ter efeitos not\u00e1veis. Por exemplo, as velas solares &#8211; dispositivos projetados para capturar a press\u00e3o da radia\u00e7\u00e3o solar &#8211; usam esse princ\u00edpio para propuls\u00e3o no espa\u00e7o.<\/p>\n<p>A rela\u00e7\u00e3o entre ondas eletromagn\u00e9ticas e momento n\u00e3o \u00e9 apenas um t\u00f3pico te\u00f3rico; ela tem implica\u00e7\u00f5es pr\u00e1ticas em \u00e1reas como a astrof\u00edsica, a engenharia aeroespacial e a \u00f3ptica. Na pr\u00f3xima se\u00e7\u00e3o, exploraremos mais profundamente como esse momento \u00e9 quantificado e algumas das aplica\u00e7\u00f5es fascinantes desse conceito na ci\u00eancia moderna.<\/p>\n<h2>Quantifica\u00e7\u00e3o do Momento das Ondas Eletromagn\u00e9ticas<\/h2>\n<p>Para entender a quantifica\u00e7\u00e3o do momento em ondas eletromagn\u00e9ticas, precisamos mergulhar na mec\u00e2nica qu\u00e2ntica. A luz, por exemplo, \u00e9 composta de f\u00f3tons, part\u00edculas sem massa que carregam energia e momento. A rela\u00e7\u00e3o entre a energia (E) de um f\u00f3ton e o seu momento (p) \u00e9 dada por:<\/p>\n<p>E = p * c<\/p>\n<p>Onde <i>c<\/i> \u00e9 a velocidade da luz. Assim, mesmo sem ter uma massa restante, os f\u00f3tons possuem momento devido \u00e0 sua energia.<\/p>\n<h2>Aplica\u00e7\u00f5es e Implica\u00e7\u00f5es<\/h2>\n<p>Entender o momento das ondas eletromagn\u00e9ticas teve grandes implica\u00e7\u00f5es em diversas \u00e1reas da ci\u00eancia. Na astrof\u00edsica, a press\u00e3o da radia\u00e7\u00e3o desempenha um papel crucial em processos estelares, influenciando a forma\u00e7\u00e3o e evolu\u00e7\u00e3o de estrelas. Na nanotecnologia, a manipula\u00e7\u00e3o do momento das ondas eletromagn\u00e9ticas \u00e9 explorada para mover e manipular part\u00edculas min\u00fasculas. Al\u00e9m disso, na \u00f3ptica, a transfer\u00eancia de momento da luz para as part\u00edculas \u00e9 a base para t\u00e9cnicas como a pin\u00e7a \u00f3ptica, que permite aos cientistas &#8220;agarrar&#8221; e movimentar objetos microsc\u00f3picos usando apenas feixes de luz.<\/p>\n<h2>Conclus\u00e3o<\/h2>\n<p>O mundo das ondas eletromagn\u00e9ticas \u00e9 repleto de fen\u00f4menos intrigantes e propriedades surpreendentes. A capacidade dessas ondas de carregar e transferir momento \u00e9 um testemunho da rica tape\u00e7aria de conceitos que se entrela\u00e7am na f\u00edsica moderna, unindo teorias qu\u00e2nticas, relatividade e eletromagnetismo. Esta compreens\u00e3o expandiu nossa percep\u00e7\u00e3o da realidade, permitindo inova\u00e7\u00f5es tecnol\u00f3gicas e avan\u00e7os cient\u00edficos. Assim, ao explorarmos e desvendarmos os mist\u00e9rios das ondas eletromagn\u00e9ticas, continuamos a empurrar as fronteiras do conhecimento, iluminando o caminho para um futuro mais brilhante e informado.<\/p>\n","protected":false},"excerpt":{"rendered":"<p>Explore a fascinante rela\u00e7\u00e3o entre ondas eletromagn\u00e9ticas e momento, desde conceitos te\u00f3ricos da f\u00edsica at\u00e9 aplica\u00e7\u00f5es pr\u00e1ticas na ci\u00eancia moderna.<\/p>\n","protected":false},"author":1,"featured_media":0,"comment_status":"closed","ping_status":"closed","sticky":false,"template":"","format":"standard","meta":{"_generate-full-width-content":"","footnotes":""},"categories":[44],"tags":[45],"class_list":["post-24466","post","type-post","status-publish","format-standard","hentry","category-how-it-works","tag-how-it-works","generate-columns","tablet-grid-50","mobile-grid-100","grid-parent","grid-50"],"yoast_head":"<!-- This site is optimized with the Yoast SEO plugin v17.9 - https:\/\/yoast.com\/wordpress\/plugins\/seo\/ -->\n<title>Como as ondas eletromagn\u00e9ticas carregam momento?<\/title>\n<meta name=\"description\" content=\"Explore a fascinante rela\u00e7\u00e3o entre ondas eletromagn\u00e9ticas e momento, desde conceitos te\u00f3ricos da f\u00edsica at\u00e9 aplica\u00e7\u00f5es pr\u00e1ticas na ci\u00eancia moderna.\" \/>\n<meta name=\"robots\" content=\"index, follow, max-snippet:-1, max-image-preview:large, max-video-preview:-1\" \/>\n<link rel=\"canonical\" href=\"https:\/\/www.electricity-magnetism.org\/pt-br\/como-as-ondas-eletromagneticas-carregam-momento\/\" \/>\n<meta property=\"og:locale\" content=\"pt_BR\" \/>\n<meta property=\"og:type\" content=\"article\" \/>\n<meta property=\"og:title\" content=\"Como as ondas eletromagn\u00e9ticas carregam momento?\" \/>\n<meta property=\"og:description\" content=\"Explore a fascinante rela\u00e7\u00e3o entre ondas eletromagn\u00e9ticas e momento, desde conceitos te\u00f3ricos da f\u00edsica at\u00e9 aplica\u00e7\u00f5es pr\u00e1ticas na ci\u00eancia moderna.\" \/>\n<meta property=\"og:url\" content=\"https:\/\/www.electricity-magnetism.org\/pt-br\/como-as-ondas-eletromagneticas-carregam-momento\/\" \/>\n<meta property=\"og:site_name\" content=\"Electricity - Magnetism\" \/>\n<meta property=\"article:published_time\" content=\"2023-05-22T05:53:15+00:00\" \/>\n<meta property=\"article:modified_time\" content=\"2023-08-19T05:25:52+00:00\" \/>\n<meta name=\"twitter:card\" content=\"summary_large_image\" \/>\n<meta name=\"twitter:label1\" content=\"Escrito por\" \/>\n\t<meta name=\"twitter:data1\" content=\"Matan\" \/>\n\t<meta name=\"twitter:label2\" content=\"Est. tempo de leitura\" \/>\n\t<meta name=\"twitter:data2\" content=\"4 minutos\" \/>\n<script type=\"application\/ld+json\" class=\"yoast-schema-graph\">{\"@context\":\"https:\/\/schema.org\",\"@graph\":[{\"@type\":\"WebSite\",\"@id\":\"https:\/\/www.electricity-magnetism.org\/pt-br\/#website\",\"url\":\"https:\/\/www.electricity-magnetism.org\/pt-br\/\",\"name\":\"Electricity - Magnetism\",\"description\":\"All about electricity and magnetism.\",\"potentialAction\":[{\"@type\":\"SearchAction\",\"target\":{\"@type\":\"EntryPoint\",\"urlTemplate\":\"https:\/\/www.electricity-magnetism.org\/pt-br\/?s={search_term_string}\"},\"query-input\":\"required name=search_term_string\"}],\"inLanguage\":\"pt-BR\"},{\"@type\":\"WebPage\",\"@id\":\"https:\/\/www.electricity-magnetism.org\/pt-br\/como-as-ondas-eletromagneticas-carregam-momento\/#webpage\",\"url\":\"https:\/\/www.electricity-magnetism.org\/pt-br\/como-as-ondas-eletromagneticas-carregam-momento\/\",\"name\":\"Como as ondas eletromagn\\u00e9ticas carregam momento?\",\"isPartOf\":{\"@id\":\"https:\/\/www.electricity-magnetism.org\/pt-br\/#website\"},\"datePublished\":\"2023-05-22T05:53:15+00:00\",\"dateModified\":\"2023-08-19T05:25:52+00:00\",\"author\":{\"@id\":\"https:\/\/www.electricity-magnetism.org\/pt-br\/#\/schema\/person\/68f28ba0ad08ef355b436c5222a40b29\"},\"description\":\"Explore a fascinante rela\\u00e7\\u00e3o entre ondas eletromagn\\u00e9ticas e momento, desde conceitos te\\u00f3ricos da f\\u00edsica at\\u00e9 aplica\\u00e7\\u00f5es pr\\u00e1ticas na ci\\u00eancia moderna.\",\"breadcrumb\":{\"@id\":\"https:\/\/www.electricity-magnetism.org\/pt-br\/como-as-ondas-eletromagneticas-carregam-momento\/#breadcrumb\"},\"inLanguage\":\"pt-BR\",\"potentialAction\":[{\"@type\":\"ReadAction\",\"target\":[\"https:\/\/www.electricity-magnetism.org\/pt-br\/como-as-ondas-eletromagneticas-carregam-momento\/\"]}]},{\"@type\":\"BreadcrumbList\",\"@id\":\"https:\/\/www.electricity-magnetism.org\/pt-br\/como-as-ondas-eletromagneticas-carregam-momento\/#breadcrumb\",\"itemListElement\":[{\"@type\":\"ListItem\",\"position\":1,\"name\":\"Home\",\"item\":\"https:\/\/www.electricity-magnetism.org\/pt-br\/electricity-magnetism-page\/\"},{\"@type\":\"ListItem\",\"position\":2,\"name\":\"Como as ondas eletromagn\\u00e9ticas carregam momento?\"}]},{\"@type\":\"Person\",\"@id\":\"https:\/\/www.electricity-magnetism.org\/pt-br\/#\/schema\/person\/68f28ba0ad08ef355b436c5222a40b29\",\"name\":\"Matan\",\"url\":\"https:\/\/www.electricity-magnetism.org\/pt-br\/author\/matan\/\"}]}<\/script>\n<!-- \/ Yoast SEO plugin. -->","yoast_head_json":{"title":"Como as ondas eletromagn\u00e9ticas carregam momento?","description":"Explore a fascinante rela\u00e7\u00e3o entre ondas eletromagn\u00e9ticas e momento, desde conceitos te\u00f3ricos da f\u00edsica at\u00e9 aplica\u00e7\u00f5es pr\u00e1ticas na ci\u00eancia moderna.","robots":{"index":"index","follow":"follow","max-snippet":"max-snippet:-1","max-image-preview":"max-image-preview:large","max-video-preview":"max-video-preview:-1"},"canonical":"https:\/\/www.electricity-magnetism.org\/pt-br\/como-as-ondas-eletromagneticas-carregam-momento\/","og_locale":"pt_BR","og_type":"article","og_title":"Como as ondas eletromagn\u00e9ticas carregam momento?","og_description":"Explore a fascinante rela\u00e7\u00e3o entre ondas eletromagn\u00e9ticas e momento, desde conceitos te\u00f3ricos da f\u00edsica at\u00e9 aplica\u00e7\u00f5es pr\u00e1ticas na ci\u00eancia moderna.","og_url":"https:\/\/www.electricity-magnetism.org\/pt-br\/como-as-ondas-eletromagneticas-carregam-momento\/","og_site_name":"Electricity - Magnetism","article_published_time":"2023-05-22T05:53:15+00:00","article_modified_time":"2023-08-19T05:25:52+00:00","twitter_card":"summary_large_image","twitter_misc":{"Escrito por":"Matan","Est. tempo de leitura":"4 minutos"},"schema":{"@context":"https:\/\/schema.org","@graph":[{"@type":"WebSite","@id":"https:\/\/www.electricity-magnetism.org\/pt-br\/#website","url":"https:\/\/www.electricity-magnetism.org\/pt-br\/","name":"Electricity - Magnetism","description":"All about electricity and magnetism.","potentialAction":[{"@type":"SearchAction","target":{"@type":"EntryPoint","urlTemplate":"https:\/\/www.electricity-magnetism.org\/pt-br\/?s={search_term_string}"},"query-input":"required name=search_term_string"}],"inLanguage":"pt-BR"},{"@type":"WebPage","@id":"https:\/\/www.electricity-magnetism.org\/pt-br\/como-as-ondas-eletromagneticas-carregam-momento\/#webpage","url":"https:\/\/www.electricity-magnetism.org\/pt-br\/como-as-ondas-eletromagneticas-carregam-momento\/","name":"Como as ondas eletromagn\u00e9ticas carregam momento?","isPartOf":{"@id":"https:\/\/www.electricity-magnetism.org\/pt-br\/#website"},"datePublished":"2023-05-22T05:53:15+00:00","dateModified":"2023-08-19T05:25:52+00:00","author":{"@id":"https:\/\/www.electricity-magnetism.org\/pt-br\/#\/schema\/person\/68f28ba0ad08ef355b436c5222a40b29"},"description":"Explore a fascinante rela\u00e7\u00e3o entre ondas eletromagn\u00e9ticas e momento, desde conceitos te\u00f3ricos da f\u00edsica at\u00e9 aplica\u00e7\u00f5es pr\u00e1ticas na ci\u00eancia moderna.","breadcrumb":{"@id":"https:\/\/www.electricity-magnetism.org\/pt-br\/como-as-ondas-eletromagneticas-carregam-momento\/#breadcrumb"},"inLanguage":"pt-BR","potentialAction":[{"@type":"ReadAction","target":["https:\/\/www.electricity-magnetism.org\/pt-br\/como-as-ondas-eletromagneticas-carregam-momento\/"]}]},{"@type":"BreadcrumbList","@id":"https:\/\/www.electricity-magnetism.org\/pt-br\/como-as-ondas-eletromagneticas-carregam-momento\/#breadcrumb","itemListElement":[{"@type":"ListItem","position":1,"name":"Home","item":"https:\/\/www.electricity-magnetism.org\/pt-br\/electricity-magnetism-page\/"},{"@type":"ListItem","position":2,"name":"Como as ondas eletromagn\u00e9ticas carregam momento?"}]},{"@type":"Person","@id":"https:\/\/www.electricity-magnetism.org\/pt-br\/#\/schema\/person\/68f28ba0ad08ef355b436c5222a40b29","name":"Matan","url":"https:\/\/www.electricity-magnetism.org\/pt-br\/author\/matan\/"}]}},"_links":{"self":[{"href":"https:\/\/www.electricity-magnetism.org\/pt-br\/wp-json\/wp\/v2\/posts\/24466","targetHints":{"allow":["GET"]}}],"collection":[{"href":"https:\/\/www.electricity-magnetism.org\/pt-br\/wp-json\/wp\/v2\/posts"}],"about":[{"href":"https:\/\/www.electricity-magnetism.org\/pt-br\/wp-json\/wp\/v2\/types\/post"}],"author":[{"embeddable":true,"href":"https:\/\/www.electricity-magnetism.org\/pt-br\/wp-json\/wp\/v2\/users\/1"}],"replies":[{"embeddable":true,"href":"https:\/\/www.electricity-magnetism.org\/pt-br\/wp-json\/wp\/v2\/comments?post=24466"}],"version-history":[{"count":0,"href":"https:\/\/www.electricity-magnetism.org\/pt-br\/wp-json\/wp\/v2\/posts\/24466\/revisions"}],"wp:attachment":[{"href":"https:\/\/www.electricity-magnetism.org\/pt-br\/wp-json\/wp\/v2\/media?parent=24466"}],"wp:term":[{"taxonomy":"category","embeddable":true,"href":"https:\/\/www.electricity-magnetism.org\/pt-br\/wp-json\/wp\/v2\/categories?post=24466"},{"taxonomy":"post_tag","embeddable":true,"href":"https:\/\/www.electricity-magnetism.org\/pt-br\/wp-json\/wp\/v2\/tags?post=24466"}],"curies":[{"name":"wp","href":"https:\/\/api.w.org\/{rel}","templated":true}]}}